{"id":3322,"date":"2025-06-16T18:03:20","date_gmt":"2025-06-16T16:03:20","guid":{"rendered":"https:\/\/evosges.fr\/?p=3322"},"modified":"2026-02-18T15:46:27","modified_gmt":"2026-02-18T14:46:27","slug":"pique-nique-a-letang","status":"publish","type":"post","link":"https:\/\/evosges.fr\/index.php\/2025\/06\/16\/pique-nique-a-letang\/","title":{"rendered":"Pique-nique \u00e0 l&rsquo;\u00e9tang"},"content":{"rendered":"\n<p>Le 16 juin 2025, le comit\u00e9 des f\u00eates du village organisait un pique-nique \u00e0 l&rsquo;\u00e9tang pour les habitants d&rsquo;\u00c9vosges.<\/p>\n\n\n\n<p>Environ 50 personnes ont pu profiter d&rsquo;un moment convivial et de partage sous le soleil, avec musique, repas chaud offert, et desserts \u00e0 profusion ! Bravo et merci au comit\u00e9 des f\u00eates (photo) pour l&rsquo;invitation et l&rsquo;organisation.<\/p>\n\n\n\n<p><\/p>\n","protected":false},"excerpt":{"rendered":"<p>Le 16 juin 2025, le comit\u00e9 des f\u00eates du village organisait un pique-nique \u00e0 l&rsquo;\u00e9tang pour les habitants d&rsquo;\u00c9vosges. Environ 50 personnes ont pu profiter d&rsquo;un moment convivial et de partage sous le soleil, avec musique, repas chaud offert, et desserts \u00e0 profusion ! Bravo et merci au comit\u00e9 des f\u00eates (photo) pour l&rsquo;invitation et<a class=\"more-link\" href=\"https:\/\/evosges.fr\/index.php\/2025\/06\/16\/pique-nique-a-letang\/\">Lire la suite de <span class=\"screen-reader-text\">\u00ab\u00a0Pique-nique \u00e0 l&rsquo;\u00e9tang\u00a0\u00bb<\/span><\/a><\/p>\n","protected":false},"author":6,"featured_media":3323,"comment_status":"closed","ping_status":"open","sticky":false,"template":"","format":"standard","meta":{"_jetpack_memberships_contains_paid_content":false,"footnotes":""},"categories":[1],"tags":[],"class_list":["post-3322","post","type-post","status-publish","format-standard","has-post-thumbnail","hentry","category-non-classe"],"jetpack_featured_media_url":"https:\/\/evosges.fr\/wp-content\/uploads\/2025\/06\/2025-06-16-equipe.jpg","jetpack_sharing_enabled":true,"_links":{"self":[{"href":"https:\/\/evosges.fr\/index.php\/wp-json\/wp\/v2\/posts\/3322","targetHints":{"allow":["GET"]}}],"collection":[{"href":"https:\/\/evosges.fr\/index.php\/wp-json\/wp\/v2\/posts"}],"about":[{"href":"https:\/\/evosges.fr\/index.php\/wp-json\/wp\/v2\/types\/post"}],"author":[{"embeddable":true,"href":"https:\/\/evosges.fr\/index.php\/wp-json\/wp\/v2\/users\/6"}],"replies":[{"embeddable":true,"href":"https:\/\/evosges.fr\/index.php\/wp-json\/wp\/v2\/comments?post=3322"}],"version-history":[{"count":3,"href":"https:\/\/evosges.fr\/index.php\/wp-json\/wp\/v2\/posts\/3322\/revisions"}],"predecessor-version":[{"id":3327,"href":"https:\/\/evosges.fr\/index.php\/wp-json\/wp\/v2\/posts\/3322\/revisions\/3327"}],"wp:featuredmedia":[{"embeddable":true,"href":"https:\/\/evosges.fr\/index.php\/wp-json\/wp\/v2\/media\/3323"}],"wp:attachment":[{"href":"https:\/\/evosges.fr\/index.php\/wp-json\/wp\/v2\/media?parent=3322"}],"wp:term":[{"taxonomy":"category","embeddable":true,"href":"https:\/\/evosges.fr\/index.php\/wp-json\/wp\/v2\/categories?post=3322"},{"taxonomy":"post_tag","embeddable":true,"href":"https:\/\/evosges.fr\/index.php\/wp-json\/wp\/v2\/tags?post=3322"}],"curies":[{"name":"wp","href":"https:\/\/api.w.org\/{rel}","templated":true}]}}