{"id":3359,"date":"2025-07-30T14:56:00","date_gmt":"2025-07-30T12:56:00","guid":{"rendered":"https:\/\/evosges.fr\/?p=3359"},"modified":"2026-01-24T14:01:31","modified_gmt":"2026-01-24T13:01:31","slug":"fete-du-15-aout-2025","status":"publish","type":"post","link":"https:\/\/evosges.fr\/index.php\/2025\/07\/30\/fete-du-15-aout-2025\/","title":{"rendered":"F\u00eate du 15 ao\u00fbt 2025"},"content":{"rendered":"\n<p>Le comit\u00e9 d&rsquo;animation du village pr\u00e9pare les festivit\u00e9s qui auront lieu cette ann\u00e9e du 15 ao\u00fbt au 17 ao\u00fbt. <\/p>\n\n\n\n<p>Au programme les 15 et 16 ao\u00fbt :<\/p>\n\n\n\n<figure class=\"wp-block-image size-large\"><img loading=\"lazy\" decoding=\"async\" width=\"635\" height=\"1024\" src=\"https:\/\/evosges.fr\/wp-content\/uploads\/2025\/07\/Affiche-15-aout-635x1024.jpeg\" alt=\"\" class=\"wp-image-3373\" srcset=\"https:\/\/evosges.fr\/wp-content\/uploads\/2025\/07\/Affiche-15-aout-635x1024.jpeg 635w, https:\/\/evosges.fr\/wp-content\/uploads\/2025\/07\/Affiche-15-aout-186x300.jpeg 186w, https:\/\/evosges.fr\/wp-content\/uploads\/2025\/07\/Affiche-15-aout-768x1239.jpeg 768w, https:\/\/evosges.fr\/wp-content\/uploads\/2025\/07\/Affiche-15-aout-952x1536.jpeg 952w, https:\/\/evosges.fr\/wp-content\/uploads\/2025\/07\/Affiche-15-aout-600x968.jpeg 600w, https:\/\/evosges.fr\/wp-content\/uploads\/2025\/07\/Affiche-15-aout.jpeg 992w\" sizes=\"auto, (max-width: 635px) 100vw, 635px\" \/><\/figure>\n\n\n\n<p>Le 17 ao\u00fbt : tourn\u00e9e des jeunes dans le village, vente de brioches !<\/p>\n","protected":false},"excerpt":{"rendered":"<p>Le comit\u00e9 d&rsquo;animation du village pr\u00e9pare les festivit\u00e9s qui auront lieu cette ann\u00e9e du 15 ao\u00fbt au 17 ao\u00fbt. Au programme les 15 et 16 ao\u00fbt : Le 17 ao\u00fbt : tourn\u00e9e des jeunes dans le village, vente de brioches !<\/p>\n","protected":false},"author":6,"featured_media":3378,"comment_status":"closed","ping_status":"open","sticky":false,"template":"","format":"standard","meta":{"_jetpack_memberships_contains_paid_content":false,"footnotes":""},"categories":[1],"tags":[],"class_list":["post-3359","post","type-post","status-publish","format-standard","has-post-thumbnail","hentry","category-non-classe"],"jetpack_featured_media_url":"https:\/\/evosges.fr\/wp-content\/uploads\/2025\/07\/Affiche-15-aout-3.jpg","jetpack_sharing_enabled":true,"_links":{"self":[{"href":"https:\/\/evosges.fr\/index.php\/wp-json\/wp\/v2\/posts\/3359","targetHints":{"allow":["GET"]}}],"collection":[{"href":"https:\/\/evosges.fr\/index.php\/wp-json\/wp\/v2\/posts"}],"about":[{"href":"https:\/\/evosges.fr\/index.php\/wp-json\/wp\/v2\/types\/post"}],"author":[{"embeddable":true,"href":"https:\/\/evosges.fr\/index.php\/wp-json\/wp\/v2\/users\/6"}],"replies":[{"embeddable":true,"href":"https:\/\/evosges.fr\/index.php\/wp-json\/wp\/v2\/comments?post=3359"}],"version-history":[{"count":6,"href":"https:\/\/evosges.fr\/index.php\/wp-json\/wp\/v2\/posts\/3359\/revisions"}],"predecessor-version":[{"id":3432,"href":"https:\/\/evosges.fr\/index.php\/wp-json\/wp\/v2\/posts\/3359\/revisions\/3432"}],"wp:featuredmedia":[{"embeddable":true,"href":"https:\/\/evosges.fr\/index.php\/wp-json\/wp\/v2\/media\/3378"}],"wp:attachment":[{"href":"https:\/\/evosges.fr\/index.php\/wp-json\/wp\/v2\/media?parent=3359"}],"wp:term":[{"taxonomy":"category","embeddable":true,"href":"https:\/\/evosges.fr\/index.php\/wp-json\/wp\/v2\/categories?post=3359"},{"taxonomy":"post_tag","embeddable":true,"href":"https:\/\/evosges.fr\/index.php\/wp-json\/wp\/v2\/tags?post=3359"}],"curies":[{"name":"wp","href":"https:\/\/api.w.org\/{rel}","templated":true}]}}