{"id":3473,"date":"2026-04-13T08:26:39","date_gmt":"2026-04-13T06:26:39","guid":{"rendered":"https:\/\/evosges.fr\/?p=3473"},"modified":"2026-04-13T08:29:28","modified_gmt":"2026-04-13T06:29:28","slug":"vide-greniers-a-evosges","status":"publish","type":"post","link":"https:\/\/evosges.fr\/index.php\/2026\/04\/13\/vide-greniers-a-evosges\/","title":{"rendered":"Vide-greniers \u00e0 Evosges"},"content":{"rendered":"\n<p class=\"has-text-align-center has-medium-font-size\">Le samedi 25 avril 2026, \u00e0 partir de 8h30 !<\/p>\n\n\n\n<p class=\"has-text-align-center has-medium-font-size\">Lieu : salle d&rsquo;Amont La Grangette, Evosges<\/p>\n\n\n\n<p class=\"has-text-align-center has-medium-font-size\">Petite restauration et buvette sur place<\/p>\n\n\n\n<figure class=\"wp-block-table\"><table class=\"has-fixed-layout\"><tbody><tr><td class=\"has-text-align-center\" data-align=\"center\"><strong>Pour les exposants : <\/strong><br><br><mark style=\"background-color:rgba(0, 0, 0, 0)\" class=\"has-inline-color has-vivid-red-color\"><strong>R\u00e9servation obligatoire avant le 22 avril et arriv\u00e9e \u00e0 7h30.<br>5\u20ac les 5 m\u00e8tres<\/strong><\/mark><br><br>R\u00e9servation au <strong>06 25 22 91 61<\/strong><\/td><\/tr><\/tbody><\/table><\/figure>\n\n\n\n<p><\/p>\n\n\n\n<p><\/p>\n","protected":false},"excerpt":{"rendered":"<p>Le samedi 25 avril 2026, \u00e0 partir de 8h30 ! Lieu : salle d&rsquo;Amont La Grangette, Evosges Petite restauration et buvette sur place Pour les exposants : R\u00e9servation obligatoire avant le 22 avril et arriv\u00e9e \u00e0 7h30.5\u20ac les 5 m\u00e8tres R\u00e9servation au 06 25 22 91 61<\/p>\n","protected":false},"author":6,"featured_media":3474,"comment_status":"closed","ping_status":"open","sticky":false,"template":"","format":"standard","meta":{"_jetpack_memberships_contains_paid_content":false,"footnotes":""},"categories":[1],"tags":[8],"class_list":["post-3473","post","type-post","status-publish","format-standard","has-post-thumbnail","hentry","category-non-classe","tag-calendrier"],"jetpack_featured_media_url":"https:\/\/evosges.fr\/wp-content\/uploads\/2026\/04\/vide-greniers.jpg","jetpack_sharing_enabled":true,"_links":{"self":[{"href":"https:\/\/evosges.fr\/index.php\/wp-json\/wp\/v2\/posts\/3473","targetHints":{"allow":["GET"]}}],"collection":[{"href":"https:\/\/evosges.fr\/index.php\/wp-json\/wp\/v2\/posts"}],"about":[{"href":"https:\/\/evosges.fr\/index.php\/wp-json\/wp\/v2\/types\/post"}],"author":[{"embeddable":true,"href":"https:\/\/evosges.fr\/index.php\/wp-json\/wp\/v2\/users\/6"}],"replies":[{"embeddable":true,"href":"https:\/\/evosges.fr\/index.php\/wp-json\/wp\/v2\/comments?post=3473"}],"version-history":[{"count":2,"href":"https:\/\/evosges.fr\/index.php\/wp-json\/wp\/v2\/posts\/3473\/revisions"}],"predecessor-version":[{"id":3476,"href":"https:\/\/evosges.fr\/index.php\/wp-json\/wp\/v2\/posts\/3473\/revisions\/3476"}],"wp:featuredmedia":[{"embeddable":true,"href":"https:\/\/evosges.fr\/index.php\/wp-json\/wp\/v2\/media\/3474"}],"wp:attachment":[{"href":"https:\/\/evosges.fr\/index.php\/wp-json\/wp\/v2\/media?parent=3473"}],"wp:term":[{"taxonomy":"category","embeddable":true,"href":"https:\/\/evosges.fr\/index.php\/wp-json\/wp\/v2\/categories?post=3473"},{"taxonomy":"post_tag","embeddable":true,"href":"https:\/\/evosges.fr\/index.php\/wp-json\/wp\/v2\/tags?post=3473"}],"curies":[{"name":"wp","href":"https:\/\/api.w.org\/{rel}","templated":true}]}}